{"id":1403,"date":"2017-01-25T10:28:23","date_gmt":"2017-01-25T09:28:23","guid":{"rendered":"https:\/\/aixemendi.com\/2017\/01\/25\/eu-es-13\/"},"modified":"2020-01-28T21:47:52","modified_gmt":"2020-01-28T20:47:52","slug":"ventoso-731m","status":"publish","type":"post","link":"https:\/\/aixemendi.com\/es\/ventoso-731m\/","title":{"rendered":"Ventoso (731m)"},"content":{"rendered":"[flickr_set id=\u00bb72157675949106903&#8243;]\n<h2><strong>Ventoso (731m) 21-01-2017 por Estibaliz Dilla<\/strong><\/h2>\n<p>Comenzamos el nuevo a\u00f1o con una salida sencilla, para calentar motores, en tierras<br \/>\nc\u00e1ntabras. Desde Samano hemos realizado una ruta circular que nos ha llevado entre 4 y<br \/>\n4 horas y media de caminata, haciendo cumbre en Ventoso (731 mt). Aparcamos en el<br \/>\npol\u00edgono Valleg\u00f3n y tomamos la carretera por la mano derecha que poco a poco nos<br \/>\nadentra en un ancho camino sin dificultad que sube poco a poco zigzagueando. Por el<br \/>\ncamino podemos comprobar que la mayor parte del bosque se encuentra talado. Atr\u00e1s<br \/>\ndejamos las monta\u00f1as de roca, y aunque el sendero en s\u00ed no es muy bonito lo<br \/>\ncompensan las vistas. Si nos paramos un momento y miramos hacia atr\u00e1s contemplamos<br \/>\nel mar, Castro Urdiales, y algunas cumbres que Aixemendi ya ha conquistado en otras<br \/>\nocasiones, como el Pe\u00f1a Candina, Cerredo, etc\u2026Los ocho componentes de la<br \/>\nexpedici\u00f3n vamos abrigados con guantes y gorro pues ya preve\u00edamos que la ma\u00f1ana iba<br \/>\na ser fr\u00eda, pero en ausencia de viento y con las t\u00edmidas caricias del sol vamos entrando<br \/>\nen calor y nos van sobrando prendas. Al llegar al punto m\u00e1s alto del camino decidimos<br \/>\ndejar la pista de tierra y atajar por la hierba, siempre con la pista hacia nuestra derecha.<\/p>\n<p>Contemplamos bonitas y blancas vistas de los montes burgaleses. Y tras un peque\u00f1o<br \/>\nrepecho ya enfilamos directamente a la cumbre que afortunadamente en este d\u00eda soleado<br \/>\nno hace honor a su nombre, con su correspondiente punto geod\u00e9sico y buz\u00f3n, el cual<br \/>\nest\u00e1 justo detr\u00e1s de un peque\u00f1o refugio desde donde nos vienen aromas de chorizo que<br \/>\nabren nuestro apetito. A la vuelta de la peque\u00f1a construcci\u00f3n tomamos asiento sobre<br \/>\nuna madera que tiene el privilegio de estar ba\u00f1ada por el sol. Tras avituallarnos con<br \/>\nnuestros frutos secos, fruta y todo tipo de chocolates de diversas calor\u00edas, foto de grupo<br \/>\ny acometemos el descenso por el lado izquierdo abordando una pendiente que en poco<br \/>\ntiempo nos lleva a terreno m\u00e1s llano que desemboca en las inmediaciones del bosque.<\/p>\n<p>En el descenso vemos de frente la cantera de Santull\u00e1n. El \u00faltimo tramo del camino que<br \/>\ntranscurre paralelo al r\u00edo que fluye a nuestra izquierda, ha resultado ser la parte m\u00e1s<br \/>\nbonita de estos 16 kms. Y as\u00ed salimos al asfalto de nuevo completando el c\u00edrculo. D\u00eda<br \/>\nsoleado y muy agradable para andar que hemos tenido el placer de disfrutar con los ya<br \/>\nhabituales, Ra\u00fal, Ane, I\u00f1igo, Ma\u00edra, Esti y con mendizales nuevos que vamos<br \/>\nreclutando R\u00edan, Unai y Mila. Gracias a todos por vuestra compa\u00f1\u00eda. Parece que nos<br \/>\nhemos aficionado a Cantabria, la pr\u00f3xima tambi\u00e9n tocaremos estas tierras.<\/p>\n","protected":false},"excerpt":{"rendered":"<p>[flickr_set id=\u00bb72157675949106903&#8243;] Ventoso (731m) 21-01-2017 por Estibaliz Dilla Comenzamos el nuevo a\u00f1o con una salida sencilla, para calentar motores, en tierras c\u00e1ntabras. Desde Samano hemos realizado una ruta circular que&#8230;<\/p>\n","protected":false},"author":2,"featured_media":0,"comment_status":"open","ping_status":"open","sticky":false,"template":"","format":"standard","meta":{"footnotes":""},"categories":[7,8,22],"tags":[],"class_list":{"0":"post-1403","1":"post","2":"type-post","3":"status-publish","4":"format-standard","6":"category-blog","7":"category-galerias","8":"category-salidas-2017"},"yoast_head":"<!-- This site is optimized with the Yoast SEO plugin v27.1.1 - https:\/\/yoast.com\/product\/yoast-seo-wordpress\/ -->\n<title>Ventoso (731m) | Aixemendi Mendi Taldea<\/title>\n<meta name=\"description\" content=\"Galer\u00eda fotogr\u00e1fica de nuestra salida a Ventoso (731m)\" \/>\n<meta name=\"robots\" content=\"index, follow, max-snippet:-1, max-image-preview:large, max-video-preview:-1\" \/>\n<link rel=\"canonical\" href=\"https:\/\/aixemendi.com\/es\/ventoso-731m\/\" \/>\n<meta property=\"og:locale\" content=\"es_ES\" \/>\n<meta property=\"og:type\" content=\"article\" \/>\n<meta property=\"og:title\" content=\"Ventoso (731m) | Aixemendi Mendi Taldea\" \/>\n<meta property=\"og:description\" content=\"Galer\u00eda fotogr\u00e1fica de nuestra salida a Ventoso (731m)\" \/>\n<meta property=\"og:url\" content=\"https:\/\/aixemendi.com\/es\/ventoso-731m\/\" \/>\n<meta property=\"og:site_name\" content=\"Aixemendi Mendi Taldea\" \/>\n<meta property=\"article:publisher\" content=\"https:\/\/www.facebook.com\/AixeBerri\/\" \/>\n<meta property=\"article:published_time\" content=\"2017-01-25T09:28:23+00:00\" \/>\n<meta property=\"article:modified_time\" content=\"2020-01-28T20:47:52+00:00\" \/>\n<meta name=\"author\" content=\"Asier Vega Unzueta\" \/>\n<meta name=\"twitter:card\" content=\"summary_large_image\" \/>\n<meta name=\"twitter:creator\" content=\"@AixeMendi\" \/>\n<meta name=\"twitter:site\" content=\"@AixeMendi\" \/>\n<meta name=\"twitter:label1\" content=\"Escrito por\" \/>\n\t<meta name=\"twitter:data1\" content=\"Asier Vega Unzueta\" \/>\n\t<meta name=\"twitter:label2\" content=\"Tiempo de lectura\" \/>\n\t<meta name=\"twitter:data2\" content=\"2 minutos\" \/>\n<script type=\"application\/ld+json\" class=\"yoast-schema-graph\">{\"@context\":\"https:\/\/schema.org\",\"@graph\":[{\"@type\":\"Article\",\"@id\":\"https:\/\/aixemendi.com\/es\/ventoso-731m\/#article\",\"isPartOf\":{\"@id\":\"https:\/\/aixemendi.com\/es\/ventoso-731m\/\"},\"author\":{\"name\":\"Asier Vega Unzueta\",\"@id\":\"https:\/\/aixemendi.com\/es\/#\/schema\/person\/4c0560a19d5c755e9425dffe0fb63cac\"},\"headline\":\"Ventoso (731m)\",\"datePublished\":\"2017-01-25T09:28:23+00:00\",\"dateModified\":\"2020-01-28T20:47:52+00:00\",\"mainEntityOfPage\":{\"@id\":\"https:\/\/aixemendi.com\/es\/ventoso-731m\/\"},\"wordCount\":476,\"commentCount\":0,\"publisher\":{\"@id\":\"https:\/\/aixemendi.com\/es\/#organization\"},\"articleSection\":[\"Blog\",\"Galerias\",\"salidas 2017\"],\"inLanguage\":\"es\",\"potentialAction\":[{\"@type\":\"CommentAction\",\"name\":\"Comment\",\"target\":[\"https:\/\/aixemendi.com\/es\/ventoso-731m\/#respond\"]}]},{\"@type\":\"WebPage\",\"@id\":\"https:\/\/aixemendi.com\/es\/ventoso-731m\/\",\"url\":\"https:\/\/aixemendi.com\/es\/ventoso-731m\/\",\"name\":\"Ventoso (731m) | Aixemendi Mendi Taldea\",\"isPartOf\":{\"@id\":\"https:\/\/aixemendi.com\/es\/#website\"},\"datePublished\":\"2017-01-25T09:28:23+00:00\",\"dateModified\":\"2020-01-28T20:47:52+00:00\",\"description\":\"Galer\u00eda fotogr\u00e1fica de nuestra salida a Ventoso (731m)\",\"breadcrumb\":{\"@id\":\"https:\/\/aixemendi.com\/es\/ventoso-731m\/#breadcrumb\"},\"inLanguage\":\"es\",\"potentialAction\":[{\"@type\":\"ReadAction\",\"target\":[\"https:\/\/aixemendi.com\/es\/ventoso-731m\/\"]}]},{\"@type\":\"BreadcrumbList\",\"@id\":\"https:\/\/aixemendi.com\/es\/ventoso-731m\/#breadcrumb\",\"itemListElement\":[{\"@type\":\"ListItem\",\"position\":1,\"name\":\"Home\",\"item\":\"https:\/\/aixemendi.com\/es\/\"},{\"@type\":\"ListItem\",\"position\":2,\"name\":\"Ventoso (731m)\"}]},{\"@type\":\"WebSite\",\"@id\":\"https:\/\/aixemendi.com\/es\/#website\",\"url\":\"https:\/\/aixemendi.com\/es\/\",\"name\":\"Aixemendi Mendi Taldea\",\"description\":\"Club de Monta\u00f1a\",\"publisher\":{\"@id\":\"https:\/\/aixemendi.com\/es\/#organization\"},\"potentialAction\":[{\"@type\":\"SearchAction\",\"target\":{\"@type\":\"EntryPoint\",\"urlTemplate\":\"https:\/\/aixemendi.com\/es\/?s={search_term_string}\"},\"query-input\":{\"@type\":\"PropertyValueSpecification\",\"valueRequired\":true,\"valueName\":\"search_term_string\"}}],\"inLanguage\":\"es\"},{\"@type\":\"Organization\",\"@id\":\"https:\/\/aixemendi.com\/es\/#organization\",\"name\":\"Aixemendi Mendi Taldea\",\"url\":\"https:\/\/aixemendi.com\/es\/\",\"logo\":{\"@type\":\"ImageObject\",\"inLanguage\":\"es\",\"@id\":\"https:\/\/aixemendi.com\/es\/#\/schema\/logo\/image\/\",\"url\":\"https:\/\/aixemendi.com\/wp-content\/uploads\/2014\/01\/cropped-20140320-01-aixemendi-logo-e1418404067326-1.png\",\"contentUrl\":\"https:\/\/aixemendi.com\/wp-content\/uploads\/2014\/01\/cropped-20140320-01-aixemendi-logo-e1418404067326-1.png\",\"width\":190,\"height\":190,\"caption\":\"Aixemendi Mendi Taldea\"},\"image\":{\"@id\":\"https:\/\/aixemendi.com\/es\/#\/schema\/logo\/image\/\"},\"sameAs\":[\"https:\/\/www.facebook.com\/AixeBerri\/\",\"https:\/\/x.com\/AixeMendi\"]},{\"@type\":\"Person\",\"@id\":\"https:\/\/aixemendi.com\/es\/#\/schema\/person\/4c0560a19d5c755e9425dffe0fb63cac\",\"name\":\"Asier Vega Unzueta\",\"sameAs\":[\"https:\/\/www.aixemendi.com\"]}]}<\/script>\n<!-- \/ Yoast SEO plugin. -->","yoast_head_json":{"title":"Ventoso (731m) | Aixemendi Mendi Taldea","description":"Galer\u00eda fotogr\u00e1fica de nuestra salida a Ventoso (731m)","robots":{"index":"index","follow":"follow","max-snippet":"max-snippet:-1","max-image-preview":"max-image-preview:large","max-video-preview":"max-video-preview:-1"},"canonical":"https:\/\/aixemendi.com\/es\/ventoso-731m\/","og_locale":"es_ES","og_type":"article","og_title":"Ventoso (731m) | Aixemendi Mendi Taldea","og_description":"Galer\u00eda fotogr\u00e1fica de nuestra salida a Ventoso (731m)","og_url":"https:\/\/aixemendi.com\/es\/ventoso-731m\/","og_site_name":"Aixemendi Mendi Taldea","article_publisher":"https:\/\/www.facebook.com\/AixeBerri\/","article_published_time":"2017-01-25T09:28:23+00:00","article_modified_time":"2020-01-28T20:47:52+00:00","author":"Asier Vega Unzueta","twitter_card":"summary_large_image","twitter_creator":"@AixeMendi","twitter_site":"@AixeMendi","twitter_misc":{"Escrito por":"Asier Vega Unzueta","Tiempo de lectura":"2 minutos"},"schema":{"@context":"https:\/\/schema.org","@graph":[{"@type":"Article","@id":"https:\/\/aixemendi.com\/es\/ventoso-731m\/#article","isPartOf":{"@id":"https:\/\/aixemendi.com\/es\/ventoso-731m\/"},"author":{"name":"Asier Vega Unzueta","@id":"https:\/\/aixemendi.com\/es\/#\/schema\/person\/4c0560a19d5c755e9425dffe0fb63cac"},"headline":"Ventoso (731m)","datePublished":"2017-01-25T09:28:23+00:00","dateModified":"2020-01-28T20:47:52+00:00","mainEntityOfPage":{"@id":"https:\/\/aixemendi.com\/es\/ventoso-731m\/"},"wordCount":476,"commentCount":0,"publisher":{"@id":"https:\/\/aixemendi.com\/es\/#organization"},"articleSection":["Blog","Galerias","salidas 2017"],"inLanguage":"es","potentialAction":[{"@type":"CommentAction","name":"Comment","target":["https:\/\/aixemendi.com\/es\/ventoso-731m\/#respond"]}]},{"@type":"WebPage","@id":"https:\/\/aixemendi.com\/es\/ventoso-731m\/","url":"https:\/\/aixemendi.com\/es\/ventoso-731m\/","name":"Ventoso (731m) | Aixemendi Mendi Taldea","isPartOf":{"@id":"https:\/\/aixemendi.com\/es\/#website"},"datePublished":"2017-01-25T09:28:23+00:00","dateModified":"2020-01-28T20:47:52+00:00","description":"Galer\u00eda fotogr\u00e1fica de nuestra salida a Ventoso (731m)","breadcrumb":{"@id":"https:\/\/aixemendi.com\/es\/ventoso-731m\/#breadcrumb"},"inLanguage":"es","potentialAction":[{"@type":"ReadAction","target":["https:\/\/aixemendi.com\/es\/ventoso-731m\/"]}]},{"@type":"BreadcrumbList","@id":"https:\/\/aixemendi.com\/es\/ventoso-731m\/#breadcrumb","itemListElement":[{"@type":"ListItem","position":1,"name":"Home","item":"https:\/\/aixemendi.com\/es\/"},{"@type":"ListItem","position":2,"name":"Ventoso (731m)"}]},{"@type":"WebSite","@id":"https:\/\/aixemendi.com\/es\/#website","url":"https:\/\/aixemendi.com\/es\/","name":"Aixemendi Mendi Taldea","description":"Club de Monta\u00f1a","publisher":{"@id":"https:\/\/aixemendi.com\/es\/#organization"},"potentialAction":[{"@type":"SearchAction","target":{"@type":"EntryPoint","urlTemplate":"https:\/\/aixemendi.com\/es\/?s={search_term_string}"},"query-input":{"@type":"PropertyValueSpecification","valueRequired":true,"valueName":"search_term_string"}}],"inLanguage":"es"},{"@type":"Organization","@id":"https:\/\/aixemendi.com\/es\/#organization","name":"Aixemendi Mendi Taldea","url":"https:\/\/aixemendi.com\/es\/","logo":{"@type":"ImageObject","inLanguage":"es","@id":"https:\/\/aixemendi.com\/es\/#\/schema\/logo\/image\/","url":"https:\/\/aixemendi.com\/wp-content\/uploads\/2014\/01\/cropped-20140320-01-aixemendi-logo-e1418404067326-1.png","contentUrl":"https:\/\/aixemendi.com\/wp-content\/uploads\/2014\/01\/cropped-20140320-01-aixemendi-logo-e1418404067326-1.png","width":190,"height":190,"caption":"Aixemendi Mendi Taldea"},"image":{"@id":"https:\/\/aixemendi.com\/es\/#\/schema\/logo\/image\/"},"sameAs":["https:\/\/www.facebook.com\/AixeBerri\/","https:\/\/x.com\/AixeMendi"]},{"@type":"Person","@id":"https:\/\/aixemendi.com\/es\/#\/schema\/person\/4c0560a19d5c755e9425dffe0fb63cac","name":"Asier Vega Unzueta","sameAs":["https:\/\/www.aixemendi.com"]}]}},"_links":{"self":[{"href":"https:\/\/aixemendi.com\/es\/wp-json\/wp\/v2\/posts\/1403","targetHints":{"allow":["GET"]}}],"collection":[{"href":"https:\/\/aixemendi.com\/es\/wp-json\/wp\/v2\/posts"}],"about":[{"href":"https:\/\/aixemendi.com\/es\/wp-json\/wp\/v2\/types\/post"}],"author":[{"embeddable":true,"href":"https:\/\/aixemendi.com\/es\/wp-json\/wp\/v2\/users\/2"}],"replies":[{"embeddable":true,"href":"https:\/\/aixemendi.com\/es\/wp-json\/wp\/v2\/comments?post=1403"}],"version-history":[{"count":2,"href":"https:\/\/aixemendi.com\/es\/wp-json\/wp\/v2\/posts\/1403\/revisions"}],"predecessor-version":[{"id":1442,"href":"https:\/\/aixemendi.com\/es\/wp-json\/wp\/v2\/posts\/1403\/revisions\/1442"}],"wp:attachment":[{"href":"https:\/\/aixemendi.com\/es\/wp-json\/wp\/v2\/media?parent=1403"}],"wp:term":[{"taxonomy":"category","embeddable":true,"href":"https:\/\/aixemendi.com\/es\/wp-json\/wp\/v2\/categories?post=1403"},{"taxonomy":"post_tag","embeddable":true,"href":"https:\/\/aixemendi.com\/es\/wp-json\/wp\/v2\/tags?post=1403"}],"curies":[{"name":"wp","href":"https:\/\/api.w.org\/{rel}","templated":true}]}}