{"id":4164,"date":"2022-12-20T18:43:00","date_gmt":"2022-12-20T17:43:00","guid":{"rendered":"https:\/\/aixemendi.com\/?p=4164"},"modified":"2023-01-02T18:43:36","modified_gmt":"2023-01-02T17:43:36","slug":"mendi-martxak-22-a-pastorekorta","status":"publish","type":"post","link":"https:\/\/aixemendi.com\/es\/mendi-martxak-22-a-pastorekorta\/","title":{"rendered":"Mendi Martxak 22 a Pastorekorta"},"content":{"rendered":"<p>El pasado 18 de diciembre, l@s soci@s de AixeMendi Mendi Taldea, con la colaboraci\u00f3n de Federaci\u00f3n Vizca\u00edna de Monta\u00f1a y patrocinio de Fundaci\u00f3n BBK organizamos la \u00faltima de las citas de  #bbkmendimartxak22. Aqu\u00ed ten\u00e9is algunas im\u00e1genes https:\/\/1drv.ms\/u\/s!Akg4wJsDfYRGmDt2egOBloJkQX7u?e=rNFrKW.<\/p>\n<p>Mil gracias a tod@s l@s que nos hab\u00e9is ayudado de una u otra forma, especialmente a M. Bego\u00f1a Garcia, Olga Sebastian, Bego\u00f1a Berriatua y Olga Sanchori, \u00a1\u00a1\u00a1 Sois incre\u00edbles !!!<\/p>\n<p>Infinitas gracias a l@s amig@s de AixeBerri Konpartsa, sin vosotr@s nada de esto hubiera sido posible.<\/p>\n","protected":false},"excerpt":{"rendered":"<p>El pasado 18 de diciembre, l@s soci@s de AixeMendi Mendi Taldea, con la colaboraci\u00f3n de Federaci\u00f3n Vizca\u00edna de Monta\u00f1a y patrocinio de Fundaci\u00f3n BBK organizamos la \u00faltima de las citas&#8230;<\/p>\n","protected":false},"author":2,"featured_media":4162,"comment_status":"closed","ping_status":"closed","sticky":false,"template":"","format":"standard","meta":{"footnotes":""},"categories":[8,55],"tags":[],"class_list":{"0":"post-4164","1":"post","2":"type-post","3":"status-publish","4":"format-standard","5":"has-post-thumbnail","7":"category-galerias","8":"category-salidas-2022"},"yoast_head":"<!-- This site is optimized with the Yoast SEO plugin v27.1.1 - https:\/\/yoast.com\/product\/yoast-seo-wordpress\/ -->\n<title>Mendi Martxak 22 a Pastorekorta | Aixemendi Mendi Taldea<\/title>\n<meta name=\"robots\" content=\"index, follow, max-snippet:-1, max-image-preview:large, max-video-preview:-1\" \/>\n<link rel=\"canonical\" href=\"https:\/\/aixemendi.com\/es\/mendi-martxak-22-a-pastorekorta\/\" \/>\n<meta property=\"og:locale\" content=\"es_ES\" \/>\n<meta property=\"og:type\" content=\"article\" \/>\n<meta property=\"og:title\" content=\"Mendi Martxak 22 a Pastorekorta | Aixemendi Mendi Taldea\" \/>\n<meta property=\"og:description\" content=\"El pasado 18 de diciembre, l@s soci@s de AixeMendi Mendi Taldea, con la colaboraci\u00f3n de Federaci\u00f3n Vizca\u00edna de Monta\u00f1a y patrocinio de Fundaci\u00f3n BBK organizamos la \u00faltima de las citas...\" \/>\n<meta property=\"og:url\" content=\"https:\/\/aixemendi.com\/es\/mendi-martxak-22-a-pastorekorta\/\" \/>\n<meta property=\"og:site_name\" content=\"Aixemendi Mendi Taldea\" \/>\n<meta property=\"article:publisher\" content=\"https:\/\/www.facebook.com\/AixeBerri\/\" \/>\n<meta property=\"article:published_time\" content=\"2022-12-20T17:43:00+00:00\" \/>\n<meta property=\"article:modified_time\" content=\"2023-01-02T17:43:36+00:00\" \/>\n<meta property=\"og:image\" content=\"https:\/\/aixemendi.com\/wp-content\/uploads\/2023\/01\/FkcqFjtX0AAge0B.jpeg\" \/>\n\t<meta property=\"og:image:width\" content=\"899\" \/>\n\t<meta property=\"og:image:height\" content=\"1600\" \/>\n\t<meta property=\"og:image:type\" content=\"image\/jpeg\" \/>\n<meta name=\"author\" content=\"Asier Vega Unzueta\" \/>\n<meta name=\"twitter:card\" content=\"summary_large_image\" \/>\n<meta name=\"twitter:creator\" content=\"@AixeMendi\" \/>\n<meta name=\"twitter:site\" content=\"@AixeMendi\" \/>\n<meta name=\"twitter:label1\" content=\"Escrito por\" \/>\n\t<meta name=\"twitter:data1\" content=\"Asier Vega Unzueta\" \/>\n\t<meta name=\"twitter:label2\" content=\"Tiempo de lectura\" \/>\n\t<meta name=\"twitter:data2\" content=\"1 minuto\" \/>\n<script type=\"application\/ld+json\" class=\"yoast-schema-graph\">{\"@context\":\"https:\/\/schema.org\",\"@graph\":[{\"@type\":\"Article\",\"@id\":\"https:\/\/aixemendi.com\/es\/mendi-martxak-22-a-pastorekorta\/#article\",\"isPartOf\":{\"@id\":\"https:\/\/aixemendi.com\/es\/mendi-martxak-22-a-pastorekorta\/\"},\"author\":{\"name\":\"Asier Vega Unzueta\",\"@id\":\"https:\/\/aixemendi.com\/es\/#\/schema\/person\/4c0560a19d5c755e9425dffe0fb63cac\"},\"headline\":\"Mendi Martxak 22 a Pastorekorta\",\"datePublished\":\"2022-12-20T17:43:00+00:00\",\"dateModified\":\"2023-01-02T17:43:36+00:00\",\"mainEntityOfPage\":{\"@id\":\"https:\/\/aixemendi.com\/es\/mendi-martxak-22-a-pastorekorta\/\"},\"wordCount\":112,\"publisher\":{\"@id\":\"https:\/\/aixemendi.com\/es\/#organization\"},\"image\":{\"@id\":\"https:\/\/aixemendi.com\/es\/mendi-martxak-22-a-pastorekorta\/#primaryimage\"},\"thumbnailUrl\":\"https:\/\/aixemendi.com\/wp-content\/uploads\/2023\/01\/FkcqFjtX0AAge0B.jpeg\",\"articleSection\":[\"Galerias\",\"salidas 2022\"],\"inLanguage\":\"es\"},{\"@type\":\"WebPage\",\"@id\":\"https:\/\/aixemendi.com\/es\/mendi-martxak-22-a-pastorekorta\/\",\"url\":\"https:\/\/aixemendi.com\/es\/mendi-martxak-22-a-pastorekorta\/\",\"name\":\"Mendi Martxak 22 a Pastorekorta | Aixemendi Mendi Taldea\",\"isPartOf\":{\"@id\":\"https:\/\/aixemendi.com\/es\/#website\"},\"primaryImageOfPage\":{\"@id\":\"https:\/\/aixemendi.com\/es\/mendi-martxak-22-a-pastorekorta\/#primaryimage\"},\"image\":{\"@id\":\"https:\/\/aixemendi.com\/es\/mendi-martxak-22-a-pastorekorta\/#primaryimage\"},\"thumbnailUrl\":\"https:\/\/aixemendi.com\/wp-content\/uploads\/2023\/01\/FkcqFjtX0AAge0B.jpeg\",\"datePublished\":\"2022-12-20T17:43:00+00:00\",\"dateModified\":\"2023-01-02T17:43:36+00:00\",\"breadcrumb\":{\"@id\":\"https:\/\/aixemendi.com\/es\/mendi-martxak-22-a-pastorekorta\/#breadcrumb\"},\"inLanguage\":\"es\",\"potentialAction\":[{\"@type\":\"ReadAction\",\"target\":[\"https:\/\/aixemendi.com\/es\/mendi-martxak-22-a-pastorekorta\/\"]}]},{\"@type\":\"ImageObject\",\"inLanguage\":\"es\",\"@id\":\"https:\/\/aixemendi.com\/es\/mendi-martxak-22-a-pastorekorta\/#primaryimage\",\"url\":\"https:\/\/aixemendi.com\/wp-content\/uploads\/2023\/01\/FkcqFjtX0AAge0B.jpeg\",\"contentUrl\":\"https:\/\/aixemendi.com\/wp-content\/uploads\/2023\/01\/FkcqFjtX0AAge0B.jpeg\",\"width\":899,\"height\":1600},{\"@type\":\"BreadcrumbList\",\"@id\":\"https:\/\/aixemendi.com\/es\/mendi-martxak-22-a-pastorekorta\/#breadcrumb\",\"itemListElement\":[{\"@type\":\"ListItem\",\"position\":1,\"name\":\"Home\",\"item\":\"https:\/\/aixemendi.com\/es\/\"},{\"@type\":\"ListItem\",\"position\":2,\"name\":\"Mendi Martxak 22 a Pastorekorta\"}]},{\"@type\":\"WebSite\",\"@id\":\"https:\/\/aixemendi.com\/es\/#website\",\"url\":\"https:\/\/aixemendi.com\/es\/\",\"name\":\"Aixemendi Mendi Taldea\",\"description\":\"Club de Monta\u00f1a\",\"publisher\":{\"@id\":\"https:\/\/aixemendi.com\/es\/#organization\"},\"potentialAction\":[{\"@type\":\"SearchAction\",\"target\":{\"@type\":\"EntryPoint\",\"urlTemplate\":\"https:\/\/aixemendi.com\/es\/?s={search_term_string}\"},\"query-input\":{\"@type\":\"PropertyValueSpecification\",\"valueRequired\":true,\"valueName\":\"search_term_string\"}}],\"inLanguage\":\"es\"},{\"@type\":\"Organization\",\"@id\":\"https:\/\/aixemendi.com\/es\/#organization\",\"name\":\"Aixemendi Mendi Taldea\",\"url\":\"https:\/\/aixemendi.com\/es\/\",\"logo\":{\"@type\":\"ImageObject\",\"inLanguage\":\"es\",\"@id\":\"https:\/\/aixemendi.com\/es\/#\/schema\/logo\/image\/\",\"url\":\"https:\/\/aixemendi.com\/wp-content\/uploads\/2014\/01\/cropped-20140320-01-aixemendi-logo-e1418404067326-1.png\",\"contentUrl\":\"https:\/\/aixemendi.com\/wp-content\/uploads\/2014\/01\/cropped-20140320-01-aixemendi-logo-e1418404067326-1.png\",\"width\":190,\"height\":190,\"caption\":\"Aixemendi Mendi Taldea\"},\"image\":{\"@id\":\"https:\/\/aixemendi.com\/es\/#\/schema\/logo\/image\/\"},\"sameAs\":[\"https:\/\/www.facebook.com\/AixeBerri\/\",\"https:\/\/x.com\/AixeMendi\"]},{\"@type\":\"Person\",\"@id\":\"https:\/\/aixemendi.com\/es\/#\/schema\/person\/4c0560a19d5c755e9425dffe0fb63cac\",\"name\":\"Asier Vega Unzueta\",\"sameAs\":[\"https:\/\/www.aixemendi.com\"]}]}<\/script>\n<!-- \/ Yoast SEO plugin. -->","yoast_head_json":{"title":"Mendi Martxak 22 a Pastorekorta | Aixemendi Mendi Taldea","robots":{"index":"index","follow":"follow","max-snippet":"max-snippet:-1","max-image-preview":"max-image-preview:large","max-video-preview":"max-video-preview:-1"},"canonical":"https:\/\/aixemendi.com\/es\/mendi-martxak-22-a-pastorekorta\/","og_locale":"es_ES","og_type":"article","og_title":"Mendi Martxak 22 a Pastorekorta | Aixemendi Mendi Taldea","og_description":"El pasado 18 de diciembre, l@s soci@s de AixeMendi Mendi Taldea, con la colaboraci\u00f3n de Federaci\u00f3n Vizca\u00edna de Monta\u00f1a y patrocinio de Fundaci\u00f3n BBK organizamos la \u00faltima de las citas...","og_url":"https:\/\/aixemendi.com\/es\/mendi-martxak-22-a-pastorekorta\/","og_site_name":"Aixemendi Mendi Taldea","article_publisher":"https:\/\/www.facebook.com\/AixeBerri\/","article_published_time":"2022-12-20T17:43:00+00:00","article_modified_time":"2023-01-02T17:43:36+00:00","og_image":[{"width":899,"height":1600,"url":"https:\/\/aixemendi.com\/wp-content\/uploads\/2023\/01\/FkcqFjtX0AAge0B.jpeg","type":"image\/jpeg"}],"author":"Asier Vega Unzueta","twitter_card":"summary_large_image","twitter_creator":"@AixeMendi","twitter_site":"@AixeMendi","twitter_misc":{"Escrito por":"Asier Vega Unzueta","Tiempo de lectura":"1 minuto"},"schema":{"@context":"https:\/\/schema.org","@graph":[{"@type":"Article","@id":"https:\/\/aixemendi.com\/es\/mendi-martxak-22-a-pastorekorta\/#article","isPartOf":{"@id":"https:\/\/aixemendi.com\/es\/mendi-martxak-22-a-pastorekorta\/"},"author":{"name":"Asier Vega Unzueta","@id":"https:\/\/aixemendi.com\/es\/#\/schema\/person\/4c0560a19d5c755e9425dffe0fb63cac"},"headline":"Mendi Martxak 22 a Pastorekorta","datePublished":"2022-12-20T17:43:00+00:00","dateModified":"2023-01-02T17:43:36+00:00","mainEntityOfPage":{"@id":"https:\/\/aixemendi.com\/es\/mendi-martxak-22-a-pastorekorta\/"},"wordCount":112,"publisher":{"@id":"https:\/\/aixemendi.com\/es\/#organization"},"image":{"@id":"https:\/\/aixemendi.com\/es\/mendi-martxak-22-a-pastorekorta\/#primaryimage"},"thumbnailUrl":"https:\/\/aixemendi.com\/wp-content\/uploads\/2023\/01\/FkcqFjtX0AAge0B.jpeg","articleSection":["Galerias","salidas 2022"],"inLanguage":"es"},{"@type":"WebPage","@id":"https:\/\/aixemendi.com\/es\/mendi-martxak-22-a-pastorekorta\/","url":"https:\/\/aixemendi.com\/es\/mendi-martxak-22-a-pastorekorta\/","name":"Mendi Martxak 22 a Pastorekorta | Aixemendi Mendi Taldea","isPartOf":{"@id":"https:\/\/aixemendi.com\/es\/#website"},"primaryImageOfPage":{"@id":"https:\/\/aixemendi.com\/es\/mendi-martxak-22-a-pastorekorta\/#primaryimage"},"image":{"@id":"https:\/\/aixemendi.com\/es\/mendi-martxak-22-a-pastorekorta\/#primaryimage"},"thumbnailUrl":"https:\/\/aixemendi.com\/wp-content\/uploads\/2023\/01\/FkcqFjtX0AAge0B.jpeg","datePublished":"2022-12-20T17:43:00+00:00","dateModified":"2023-01-02T17:43:36+00:00","breadcrumb":{"@id":"https:\/\/aixemendi.com\/es\/mendi-martxak-22-a-pastorekorta\/#breadcrumb"},"inLanguage":"es","potentialAction":[{"@type":"ReadAction","target":["https:\/\/aixemendi.com\/es\/mendi-martxak-22-a-pastorekorta\/"]}]},{"@type":"ImageObject","inLanguage":"es","@id":"https:\/\/aixemendi.com\/es\/mendi-martxak-22-a-pastorekorta\/#primaryimage","url":"https:\/\/aixemendi.com\/wp-content\/uploads\/2023\/01\/FkcqFjtX0AAge0B.jpeg","contentUrl":"https:\/\/aixemendi.com\/wp-content\/uploads\/2023\/01\/FkcqFjtX0AAge0B.jpeg","width":899,"height":1600},{"@type":"BreadcrumbList","@id":"https:\/\/aixemendi.com\/es\/mendi-martxak-22-a-pastorekorta\/#breadcrumb","itemListElement":[{"@type":"ListItem","position":1,"name":"Home","item":"https:\/\/aixemendi.com\/es\/"},{"@type":"ListItem","position":2,"name":"Mendi Martxak 22 a Pastorekorta"}]},{"@type":"WebSite","@id":"https:\/\/aixemendi.com\/es\/#website","url":"https:\/\/aixemendi.com\/es\/","name":"Aixemendi Mendi Taldea","description":"Club de Monta\u00f1a","publisher":{"@id":"https:\/\/aixemendi.com\/es\/#organization"},"potentialAction":[{"@type":"SearchAction","target":{"@type":"EntryPoint","urlTemplate":"https:\/\/aixemendi.com\/es\/?s={search_term_string}"},"query-input":{"@type":"PropertyValueSpecification","valueRequired":true,"valueName":"search_term_string"}}],"inLanguage":"es"},{"@type":"Organization","@id":"https:\/\/aixemendi.com\/es\/#organization","name":"Aixemendi Mendi Taldea","url":"https:\/\/aixemendi.com\/es\/","logo":{"@type":"ImageObject","inLanguage":"es","@id":"https:\/\/aixemendi.com\/es\/#\/schema\/logo\/image\/","url":"https:\/\/aixemendi.com\/wp-content\/uploads\/2014\/01\/cropped-20140320-01-aixemendi-logo-e1418404067326-1.png","contentUrl":"https:\/\/aixemendi.com\/wp-content\/uploads\/2014\/01\/cropped-20140320-01-aixemendi-logo-e1418404067326-1.png","width":190,"height":190,"caption":"Aixemendi Mendi Taldea"},"image":{"@id":"https:\/\/aixemendi.com\/es\/#\/schema\/logo\/image\/"},"sameAs":["https:\/\/www.facebook.com\/AixeBerri\/","https:\/\/x.com\/AixeMendi"]},{"@type":"Person","@id":"https:\/\/aixemendi.com\/es\/#\/schema\/person\/4c0560a19d5c755e9425dffe0fb63cac","name":"Asier Vega Unzueta","sameAs":["https:\/\/www.aixemendi.com"]}]}},"_links":{"self":[{"href":"https:\/\/aixemendi.com\/es\/wp-json\/wp\/v2\/posts\/4164","targetHints":{"allow":["GET"]}}],"collection":[{"href":"https:\/\/aixemendi.com\/es\/wp-json\/wp\/v2\/posts"}],"about":[{"href":"https:\/\/aixemendi.com\/es\/wp-json\/wp\/v2\/types\/post"}],"author":[{"embeddable":true,"href":"https:\/\/aixemendi.com\/es\/wp-json\/wp\/v2\/users\/2"}],"replies":[{"embeddable":true,"href":"https:\/\/aixemendi.com\/es\/wp-json\/wp\/v2\/comments?post=4164"}],"version-history":[{"count":1,"href":"https:\/\/aixemendi.com\/es\/wp-json\/wp\/v2\/posts\/4164\/revisions"}],"predecessor-version":[{"id":4165,"href":"https:\/\/aixemendi.com\/es\/wp-json\/wp\/v2\/posts\/4164\/revisions\/4165"}],"wp:featuredmedia":[{"embeddable":true,"href":"https:\/\/aixemendi.com\/es\/wp-json\/wp\/v2\/media\/4162"}],"wp:attachment":[{"href":"https:\/\/aixemendi.com\/es\/wp-json\/wp\/v2\/media?parent=4164"}],"wp:term":[{"taxonomy":"category","embeddable":true,"href":"https:\/\/aixemendi.com\/es\/wp-json\/wp\/v2\/categories?post=4164"},{"taxonomy":"post_tag","embeddable":true,"href":"https:\/\/aixemendi.com\/es\/wp-json\/wp\/v2\/tags?post=4164"}],"curies":[{"name":"wp","href":"https:\/\/api.w.org\/{rel}","templated":true}]}}